{"id":14335,"date":"2023-12-12T11:19:41","date_gmt":"2023-12-12T10:19:41","guid":{"rendered":"https:\/\/homeinterijeri.hr\/?p=14335"},"modified":"2024-02-24T11:09:20","modified_gmt":"2024-02-24T10:09:20","slug":"ormar-u-mat-bijeloj-boji","status":"publish","type":"post","link":"https:\/\/homeinterijeri.hr\/de\/kleiderschrank-in-mattweiser-farbe\/","title":{"rendered":"Kleiderschrank in mattwei\u00dfer Farbe"},"content":{"rendered":"<div data-elementor-type=\"wp-post\" data-elementor-id=\"14335\" class=\"elementor elementor-14335\" data-elementor-post-type=\"post\">\n\t\t\t\t\t\t<section class=\"elementor-section elementor-top-section elementor-element elementor-element-23d01194 elementor-section-full_width elementor-section-stretched elementor-section-height-default elementor-section-height-default\" data-id=\"23d01194\" data-element_type=\"section\" data-settings=\"{&quot;background_background&quot;:&quot;classic&quot;,&quot;stretch_section&quot;:&quot;section-stretched&quot;}\">\n\t\t\t\t\t\t\t<div class=\"elementor-background-overlay\"><\/div>\n\t\t\t\t\t\t\t<div class=\"elementor-container elementor-column-gap-no\">\n\t\t\t\t\t<div class=\"elementor-column elementor-col-100 elementor-top-column elementor-element elementor-element-761027ed\" data-id=\"761027ed\" data-element_type=\"column\">\n\t\t\t<div class=\"elementor-widget-wrap elementor-element-populated\">\n\t\t\t\t\t\t<div class=\"elementor-element elementor-element-71d8e98c elementor-widget elementor-widget-heading\" data-id=\"71d8e98c\" data-element_type=\"widget\" data-widget_type=\"heading.default\">\n\t\t\t\t<div class=\"elementor-widget-container\">\n\t\t\t\t\t<h6 class=\"elementor-heading-title elementor-size-default\">HOME INTERIJERI<\/h6>\t\t\t\t<\/div>\n\t\t\t\t<\/div>\n\t\t\t\t\t<\/div>\n\t\t<\/div>\n\t\t\t\t\t<\/div>\n\t\t<\/section>\n\t\t\t\t<section class=\"elementor-section elementor-top-section elementor-element elementor-element-96bb80a elementor-section-stretched elementor-section-boxed elementor-section-height-default elementor-section-height-default\" data-id=\"96bb80a\" data-element_type=\"section\" data-settings=\"{&quot;stretch_section&quot;:&quot;section-stretched&quot;}\">\n\t\t\t\t\t\t<div class=\"elementor-container elementor-column-gap-default\">\n\t\t\t\t\t<div class=\"elementor-column elementor-col-50 elementor-top-column elementor-element elementor-element-698fb30e\" data-id=\"698fb30e\" data-element_type=\"column\">\n\t\t\t<div class=\"elementor-widget-wrap elementor-element-populated\">\n\t\t\t\t\t\t<div class=\"elementor-element elementor-element-7e547a21 elementor-widget__width-auto elementor-widget elementor-widget-heading\" data-id=\"7e547a21\" data-element_type=\"widget\" data-widget_type=\"heading.default\">\n\t\t\t\t<div class=\"elementor-widget-container\">\n\t\t\t\t\t<h6 class=\"elementor-heading-title elementor-size-default\">PROJECT mattwei\u00df<\/h6>\t\t\t\t<\/div>\n\t\t\t\t<\/div>\n\t\t\t\t<div class=\"elementor-element elementor-element-4d220b29 elementor-widget elementor-widget-heading\" data-id=\"4d220b29\" data-element_type=\"widget\" data-widget_type=\"heading.default\">\n\t\t\t\t<div class=\"elementor-widget-container\">\n\t\t\t\t\t<h2 class=\"elementor-heading-title elementor-size-default\">Minimalismus und Einfachheit \ud83d\udc4c<\/h2>\t\t\t\t<\/div>\n\t\t\t\t<\/div>\n\t\t\t\t<div class=\"elementor-element elementor-element-246b2769 elementor-widget elementor-widget-text-editor\" data-id=\"246b2769\" data-element_type=\"widget\" data-widget_type=\"text-editor.default\">\n\t\t\t\t<div class=\"elementor-widget-container\">\n\t\t\t\t\t\t\t\t\t<p>Lernen Sie unsere neueste Kreation kennen \u2013 einen Kleiderschrank in mattwei\u00dfer Soft-Touch-Oberfl\u00e4che mit sanften Eichenakzenten.<\/p><p>Diese Kombination verleiht Ihrem Raum minimalistische Eleganz. H\u00f6he 3303 mm.<\/p><p>Schauen Sie sich unseren Beitrag in den sozialen Medien an: <a href=\"https:\/\/www.instagram.com\/p\/C0uNdcxro03\">Instagram<\/a> &#8211; <a href=\"https:\/\/web.facebook.com\/photo?fbid=885439246610234&amp;set=pcb.885439303276895\">Facebook<\/a>\u00a0\u00a0<\/p><p>Kontaktieren Sie uns f\u00fcr weitere Informationen!<\/p>\t\t\t\t\t\t\t\t<\/div>\n\t\t\t\t<\/div>\n\t\t\t\t<div class=\"elementor-element elementor-element-7ba4402d elementor-widget__width-initial elementor-mobile-align-center elementor-widget-mobile__width-inherit elementor-widget elementor-widget-button\" data-id=\"7ba4402d\" data-element_type=\"widget\" data-widget_type=\"button.default\">\n\t\t\t\t<div class=\"elementor-widget-container\">\n\t\t\t\t\t\t\t\t\t<div class=\"elementor-button-wrapper\">\n\t\t\t\t\t<a class=\"elementor-button elementor-button-link elementor-size-sm elementor-animation-float\" href=\"https:\/\/homeinterijeri.hr\/de\/kontakt\/#kontakt\">\n\t\t\t\t\t\t<span class=\"elementor-button-content-wrapper\">\n\t\t\t\t\t\t<span class=\"elementor-button-icon\">\n\t\t\t\t<i aria-hidden=\"true\" class=\"fas fa-long-arrow-alt-right\"><\/i>\t\t\t<\/span>\n\t\t\t\t\t\t\t\t\t<span class=\"elementor-button-text\">Kontaktiere uns<\/span>\n\t\t\t\t\t<\/span>\n\t\t\t\t\t<\/a>\n\t\t\t\t<\/div>\n\t\t\t\t\t\t\t\t<\/div>\n\t\t\t\t<\/div>\n\t\t\t\t<div class=\"elementor-element elementor-element-5d887248 e-grid-align-right elementor-widget__width-initial e-grid-align-mobile-center elementor-widget-mobile__width-inherit elementor-shape-square elementor-grid-0 elementor-widget elementor-widget-social-icons\" data-id=\"5d887248\" data-element_type=\"widget\" data-widget_type=\"social-icons.default\">\n\t\t\t\t<div class=\"elementor-widget-container\">\n\t\t\t\t\t\t\t<div class=\"elementor-social-icons-wrapper elementor-grid\" role=\"list\">\n\t\t\t\t\t\t\t<span class=\"elementor-grid-item\" role=\"listitem\">\n\t\t\t\t\t<a class=\"elementor-icon elementor-social-icon elementor-social-icon-facebook-square elementor-repeater-item-2012364\" href=\"https:\/\/www.facebook.com\/homeinterijerisibenik\" target=\"_blank\">\n\t\t\t\t\t\t<span class=\"elementor-screen-only\">Facebook-Quadrat<\/span>\n\t\t\t\t\t\t<i class=\"fab fa-facebook-square\"><\/i>\t\t\t\t\t<\/a>\n\t\t\t\t<\/span>\n\t\t\t\t\t\t\t<span class=\"elementor-grid-item\" role=\"listitem\">\n\t\t\t\t\t<a class=\"elementor-icon elementor-social-icon elementor-social-icon-instagram elementor-repeater-item-0f232c8\" href=\"https:\/\/www.instagram.com\/home_interijeri\" target=\"_blank\">\n\t\t\t\t\t\t<span class=\"elementor-screen-only\">Instagram<\/span>\n\t\t\t\t\t\t<i class=\"fab fa-instagram\"><\/i>\t\t\t\t\t<\/a>\n\t\t\t\t<\/span>\n\t\t\t\t\t<\/div>\n\t\t\t\t\t\t<\/div>\n\t\t\t\t<\/div>\n\t\t\t\t\t<\/div>\n\t\t<\/div>\n\t\t\t\t<div class=\"elementor-column elementor-col-50 elementor-top-column elementor-element elementor-element-6675bf78\" data-id=\"6675bf78\" data-element_type=\"column\" data-settings=\"{&quot;motion_fx_motion_fx_scrolling&quot;:&quot;yes&quot;,&quot;motion_fx_translateY_effect&quot;:&quot;yes&quot;,&quot;motion_fx_translateY_direction&quot;:&quot;negative&quot;,&quot;motion_fx_translateY_speed&quot;:{&quot;unit&quot;:&quot;px&quot;,&quot;size&quot;:0.6,&quot;sizes&quot;:[]},&quot;motion_fx_devices&quot;:[&quot;desktop&quot;],&quot;motion_fx_translateY_affectedRange&quot;:{&quot;unit&quot;:&quot;%&quot;,&quot;size&quot;:&quot;&quot;,&quot;sizes&quot;:{&quot;start&quot;:0,&quot;end&quot;:100}}}\">\n\t\t\t<div class=\"elementor-widget-wrap elementor-element-populated\">\n\t\t\t\t\t\t<div class=\"elementor-element elementor-element-345e6f70 elementor-widget__width-initial elementor-widget elementor-widget-gallery\" data-id=\"345e6f70\" data-element_type=\"widget\" data-settings=\"{&quot;columns_tablet&quot;:4,&quot;columns_mobile&quot;:3,&quot;gap&quot;:{&quot;unit&quot;:&quot;px&quot;,&quot;size&quot;:0,&quot;sizes&quot;:[]},&quot;gap_tablet&quot;:{&quot;unit&quot;:&quot;px&quot;,&quot;size&quot;:0,&quot;sizes&quot;:[]},&quot;gap_mobile&quot;:{&quot;unit&quot;:&quot;px&quot;,&quot;size&quot;:0,&quot;sizes&quot;:[]},&quot;aspect_ratio&quot;:&quot;1:1&quot;,&quot;columns&quot;:2,&quot;lazyload&quot;:&quot;yes&quot;,&quot;gallery_layout&quot;:&quot;grid&quot;,&quot;gap_laptop&quot;:{&quot;unit&quot;:&quot;px&quot;,&quot;size&quot;:10,&quot;sizes&quot;:[]},&quot;link_to&quot;:&quot;file&quot;,&quot;overlay_background&quot;:&quot;yes&quot;,&quot;content_hover_animation&quot;:&quot;fade-in&quot;}\" data-widget_type=\"gallery.default\">\n\t\t\t\t<div class=\"elementor-widget-container\">\n\t\t\t\t\t\t\t<div class=\"elementor-gallery__container\">\n\t\t\t\t\t\t\t<a class=\"e-gallery-item elementor-gallery-item elementor-animated-content\" href=\"https:\/\/homeinterijeri.hr\/wp-content\/uploads\/2023\/12\/69.jpg\" data-elementor-open-lightbox=\"yes\" data-elementor-lightbox-slideshow=\"345e6f70\" data-elementor-lightbox-title=\"69\" data-e-action-hash=\"#elementor-action%3Aaction%3Dlightbox%26settings%3DeyJpZCI6MTQzNDAsInVybCI6Imh0dHBzOlwvXC9ob21laW50ZXJpamVyaS5oclwvd3AtY29udGVudFwvdXBsb2Fkc1wvMjAyM1wvMTJcLzY5LmpwZyIsInNsaWRlc2hvdyI6IjM0NWU2ZjcwIn0%3D\">\n\t\t\t\t\t<div class=\"e-gallery-image elementor-gallery-item__image\" data-thumbnail=\"https:\/\/homeinterijeri.hr\/wp-content\/uploads\/2023\/12\/69.jpg\" data-width=\"1080\" data-height=\"1350\" aria-label=\"\" role=\"img\" ><\/div>\n\t\t\t\t\t\t\t\t\t\t\t<div class=\"elementor-gallery-item__overlay\"><\/div>\n\t\t\t\t\t\t\t\t\t\t\t\t\t\t<\/a>\n\t\t\t\t\t\t\t<a class=\"e-gallery-item elementor-gallery-item elementor-animated-content\" href=\"https:\/\/homeinterijeri.hr\/wp-content\/uploads\/2023\/12\/68.jpg\" data-elementor-open-lightbox=\"yes\" data-elementor-lightbox-slideshow=\"345e6f70\" data-elementor-lightbox-title=\"68\" data-e-action-hash=\"#elementor-action%3Aaction%3Dlightbox%26settings%3DeyJpZCI6MTQzMzksInVybCI6Imh0dHBzOlwvXC9ob21laW50ZXJpamVyaS5oclwvd3AtY29udGVudFwvdXBsb2Fkc1wvMjAyM1wvMTJcLzY4LmpwZyIsInNsaWRlc2hvdyI6IjM0NWU2ZjcwIn0%3D\">\n\t\t\t\t\t<div class=\"e-gallery-image elementor-gallery-item__image\" data-thumbnail=\"https:\/\/homeinterijeri.hr\/wp-content\/uploads\/2023\/12\/68.jpg\" data-width=\"1080\" data-height=\"1350\" aria-label=\"\" role=\"img\" ><\/div>\n\t\t\t\t\t\t\t\t\t\t\t<div class=\"elementor-gallery-item__overlay\"><\/div>\n\t\t\t\t\t\t\t\t\t\t\t\t\t\t<\/a>\n\t\t\t\t\t\t\t<a class=\"e-gallery-item elementor-gallery-item elementor-animated-content\" href=\"https:\/\/homeinterijeri.hr\/wp-content\/uploads\/2023\/12\/67.jpg\" data-elementor-open-lightbox=\"yes\" data-elementor-lightbox-slideshow=\"345e6f70\" data-elementor-lightbox-title=\"67\" data-e-action-hash=\"#elementor-action%3Aaction%3Dlightbox%26settings%3DeyJpZCI6MTQzMzgsInVybCI6Imh0dHBzOlwvXC9ob21laW50ZXJpamVyaS5oclwvd3AtY29udGVudFwvdXBsb2Fkc1wvMjAyM1wvMTJcLzY3LmpwZyIsInNsaWRlc2hvdyI6IjM0NWU2ZjcwIn0%3D\">\n\t\t\t\t\t<div class=\"e-gallery-image elementor-gallery-item__image\" data-thumbnail=\"https:\/\/homeinterijeri.hr\/wp-content\/uploads\/2023\/12\/67.jpg\" data-width=\"1080\" data-height=\"1350\" aria-label=\"\" role=\"img\" ><\/div>\n\t\t\t\t\t\t\t\t\t\t\t<div class=\"elementor-gallery-item__overlay\"><\/div>\n\t\t\t\t\t\t\t\t\t\t\t\t\t\t<\/a>\n\t\t\t\t\t\t\t<a class=\"e-gallery-item elementor-gallery-item elementor-animated-content\" href=\"https:\/\/homeinterijeri.hr\/wp-content\/uploads\/2023\/12\/70.jpg\" data-elementor-open-lightbox=\"yes\" data-elementor-lightbox-slideshow=\"345e6f70\" data-elementor-lightbox-title=\"70\" data-e-action-hash=\"#elementor-action%3Aaction%3Dlightbox%26settings%3DeyJpZCI6MTQzNDEsInVybCI6Imh0dHBzOlwvXC9ob21laW50ZXJpamVyaS5oclwvd3AtY29udGVudFwvdXBsb2Fkc1wvMjAyM1wvMTJcLzcwLmpwZyIsInNsaWRlc2hvdyI6IjM0NWU2ZjcwIn0%3D\">\n\t\t\t\t\t<div class=\"e-gallery-image elementor-gallery-item__image\" data-thumbnail=\"https:\/\/homeinterijeri.hr\/wp-content\/uploads\/2023\/12\/70.jpg\" data-width=\"1080\" data-height=\"1350\" aria-label=\"\" role=\"img\" ><\/div>\n\t\t\t\t\t\t\t\t\t\t\t<div class=\"elementor-gallery-item__overlay\"><\/div>\n\t\t\t\t\t\t\t\t\t\t\t\t\t\t<\/a>\n\t\t\t\t\t<\/div>\n\t\t\t\t\t<\/div>\n\t\t\t\t<\/div>\n\t\t\t\t\t<\/div>\n\t\t<\/div>\n\t\t\t\t\t<\/div>\n\t\t<\/section>\n\t\t\t\t<\/div>","protected":false},"excerpt":{"rendered":"<p>HOME INTERIORS PROJECT mattwei\u00df Minimalismus und Schlichtheit \ud83d\udc4c Lernen Sie unsere neueste Kreation kennen \u2013 einen Kleiderschrank in mattwei\u00dfer Soft-Touch-Oberfl\u00e4che mit sanften Akzenten von Eiche. Diese Kombination verleiht Ihrem Raum minimalistische Eleganz. H\u00f6he 3303 mm. Sehen Sie sich unseren Beitrag in den sozialen Netzwerken an: Instagram \u2013 Facebook Kontaktieren Sie uns f\u00fcr weitere Informationen! Kontaktieren Sie uns Facebook-Quadrat Instagram<\/p>","protected":false},"author":2,"featured_media":14340,"comment_status":"closed","ping_status":"open","sticky":false,"template":"","format":"standard","meta":{"site-sidebar-layout":"default","site-content-layout":"","ast-site-content-layout":"default","site-content-style":"default","site-sidebar-style":"default","ast-global-header-display":"","ast-banner-title-visibility":"","ast-main-header-display":"","ast-hfb-above-header-display":"","ast-hfb-below-header-display":"","ast-hfb-mobile-header-display":"","site-post-title":"","ast-breadcrumbs-content":"","ast-featured-img":"disabled","footer-sml-layout":"","theme-transparent-header-meta":"","adv-header-id-meta":"","stick-header-meta":"","header-above-stick-meta":"","header-main-stick-meta":"","header-below-stick-meta":"","astra-migrate-meta-layouts":"set","ast-page-background-enabled":"default","ast-page-background-meta":{"desktop":{"background-color":"","background-image":"","background-repeat":"repeat","background-position":"center center","background-size":"auto","background-attachment":"scroll","background-type":"","background-media":"","overlay-type":"","overlay-color":"","overlay-opacity":"","overlay-gradient":""},"tablet":{"background-color":"","background-image":"","background-repeat":"repeat","background-position":"center center","background-size":"auto","background-attachment":"scroll","background-type":"","background-media":"","overlay-type":"","overlay-color":"","overlay-opacity":"","overlay-gradient":""},"mobile":{"background-color":"","background-image":"","background-repeat":"repeat","background-position":"center center","background-size":"auto","background-attachment":"scroll","background-type":"","background-media":"","overlay-type":"","overlay-color":"","overlay-opacity":"","overlay-gradient":""}},"ast-content-background-meta":{"desktop":{"background-color":"var(--ast-global-color-5)","background-image":"","background-repeat":"repeat","background-position":"center center","background-size":"auto","background-attachment":"scroll","background-type":"","background-media":"","overlay-type":"","overlay-color":"","overlay-opacity":"","overlay-gradient":""},"tablet":{"background-color":"var(--ast-global-color-5)","background-image":"","background-repeat":"repeat","background-position":"center center","background-size":"auto","background-attachment":"scroll","background-type":"","background-media":"","overlay-type":"","overlay-color":"","overlay-opacity":"","overlay-gradient":""},"mobile":{"background-color":"var(--ast-global-color-5)","background-image":"","background-repeat":"repeat","background-position":"center center","background-size":"auto","background-attachment":"scroll","background-type":"","background-media":"","overlay-type":"","overlay-color":"","overlay-opacity":"","overlay-gradient":""}},"footnotes":""},"categories":[63],"tags":[67],"class_list":["post-14335","post","type-post","status-publish","format-standard","has-post-thumbnail","hentry","category-interijer","tag-po-mjeri"],"yoast_head":"<!-- This site is optimized with the Yoast SEO plugin v25.3 - https:\/\/yoast.com\/wordpress\/plugins\/seo\/ -->\n<title>Ormar u mat bijeloj boji | Home Interijeri<\/title>\n<meta name=\"robots\" content=\"index, follow, max-snippet:-1, max-image-preview:large, max-video-preview:-1\" \/>\n<link rel=\"canonical\" href=\"https:\/\/homeinterijeri.hr\/de\/kleiderschrank-in-mattweiser-farbe\/\" \/>\n<meta property=\"og:locale\" content=\"de_DE\" \/>\n<meta property=\"og:type\" content=\"article\" \/>\n<meta property=\"og:title\" content=\"Ormar u mat bijeloj boji | Home Interijeri\" \/>\n<meta property=\"og:description\" content=\"HOME INTERIJERI PROJEKT matte white Minimalizam i jednostavnost \ud83d\udc4c Upoznajte na\u0161u najnoviju kreaciju &#8211; ormar u mat bijeloj soft touch povr\u0161ini s nje\u017enim dodirima hrasta. Ova kombinacija donosi minimalisti\u010dku eleganciju u va\u0161 prostor. Visina 3303 mm. Pogledajte na\u0161u objavu na dru\u0161tvenim mre\u017eama: Instagram &#8211; Facebook\u00a0\u00a0 Za vi\u0161e informacija nas kontaktiraje! Kontaktirajte Nas Facebook-square Instagram\" \/>\n<meta property=\"og:url\" content=\"https:\/\/homeinterijeri.hr\/de\/kleiderschrank-in-mattweiser-farbe\/\" \/>\n<meta property=\"og:site_name\" content=\"Home Interijeri\" \/>\n<meta property=\"article:publisher\" content=\"https:\/\/www.facebook.com\/homeinterijerisibenik\" \/>\n<meta property=\"article:published_time\" content=\"2023-12-12T10:19:41+00:00\" \/>\n<meta property=\"article:modified_time\" content=\"2024-02-24T10:09:20+00:00\" \/>\n<meta property=\"og:image\" content=\"http:\/\/homeinterijeri.hr\/wp-content\/uploads\/2023\/12\/69.jpg\" \/>\n\t<meta property=\"og:image:width\" content=\"1080\" \/>\n\t<meta property=\"og:image:height\" content=\"1350\" \/>\n\t<meta property=\"og:image:type\" content=\"image\/jpeg\" \/>\n<meta name=\"author\" content=\"Marko\" \/>\n<meta name=\"twitter:card\" content=\"summary_large_image\" \/>\n<meta name=\"twitter:label1\" content=\"Verfasst von\" \/>\n\t<meta name=\"twitter:data1\" content=\"Marko\" \/>\n\t<meta name=\"twitter:label2\" content=\"Gesch\u00e4tzte Lesezeit\" \/>\n\t<meta name=\"twitter:data2\" content=\"1\u00a0Minute\" \/>\n<script type=\"application\/ld+json\" class=\"yoast-schema-graph\">{\"@context\":\"https:\/\/schema.org\",\"@graph\":[{\"@type\":[\"Article\",\"BlogPosting\"],\"@id\":\"https:\/\/homeinterijeri.hr\/ormar-u-mat-bijeloj-boji\/#article\",\"isPartOf\":{\"@id\":\"https:\/\/homeinterijeri.hr\/ormar-u-mat-bijeloj-boji\/\"},\"author\":{\"name\":\"Marko\",\"@id\":\"https:\/\/homeinterijeri.hr\/#\/schema\/person\/6b3172695525e4aba6c2a21e22b1d62d\"},\"headline\":\"Ormar u mat bijeloj boji\",\"datePublished\":\"2023-12-12T10:19:41+00:00\",\"dateModified\":\"2024-02-24T10:09:20+00:00\",\"mainEntityOfPage\":{\"@id\":\"https:\/\/homeinterijeri.hr\/ormar-u-mat-bijeloj-boji\/\"},\"wordCount\":65,\"publisher\":{\"@id\":\"https:\/\/homeinterijeri.hr\/#organization\"},\"image\":{\"@id\":\"https:\/\/homeinterijeri.hr\/ormar-u-mat-bijeloj-boji\/#primaryimage\"},\"thumbnailUrl\":\"https:\/\/homeinterijeri.hr\/wp-content\/uploads\/2023\/12\/69.jpg\",\"keywords\":[\"Po Mjeri\"],\"articleSection\":[\"Interijer\"],\"inLanguage\":\"de\"},{\"@type\":[\"WebPage\",\"ItemPage\"],\"@id\":\"https:\/\/homeinterijeri.hr\/ormar-u-mat-bijeloj-boji\/\",\"url\":\"https:\/\/homeinterijeri.hr\/ormar-u-mat-bijeloj-boji\/\",\"name\":\"Ormar u mat bijeloj boji | Home Interijeri\",\"isPartOf\":{\"@id\":\"https:\/\/homeinterijeri.hr\/#website\"},\"primaryImageOfPage\":{\"@id\":\"https:\/\/homeinterijeri.hr\/ormar-u-mat-bijeloj-boji\/#primaryimage\"},\"image\":{\"@id\":\"https:\/\/homeinterijeri.hr\/ormar-u-mat-bijeloj-boji\/#primaryimage\"},\"thumbnailUrl\":\"https:\/\/homeinterijeri.hr\/wp-content\/uploads\/2023\/12\/69.jpg\",\"datePublished\":\"2023-12-12T10:19:41+00:00\",\"dateModified\":\"2024-02-24T10:09:20+00:00\",\"breadcrumb\":{\"@id\":\"https:\/\/homeinterijeri.hr\/ormar-u-mat-bijeloj-boji\/#breadcrumb\"},\"inLanguage\":\"de\",\"potentialAction\":[{\"@type\":\"ReadAction\",\"target\":[\"https:\/\/homeinterijeri.hr\/ormar-u-mat-bijeloj-boji\/\"]}]},{\"@type\":\"ImageObject\",\"inLanguage\":\"de\",\"@id\":\"https:\/\/homeinterijeri.hr\/ormar-u-mat-bijeloj-boji\/#primaryimage\",\"url\":\"https:\/\/homeinterijeri.hr\/wp-content\/uploads\/2023\/12\/69.jpg\",\"contentUrl\":\"https:\/\/homeinterijeri.hr\/wp-content\/uploads\/2023\/12\/69.jpg\",\"width\":1080,\"height\":1350},{\"@type\":\"BreadcrumbList\",\"@id\":\"https:\/\/homeinterijeri.hr\/ormar-u-mat-bijeloj-boji\/#breadcrumb\",\"itemListElement\":[{\"@type\":\"ListItem\",\"position\":1,\"name\":\"Po\u010detna stranica\",\"item\":\"https:\/\/homeinterijeri.hr\/\"},{\"@type\":\"ListItem\",\"position\":2,\"name\":\"Ormar u mat bijeloj boji\"}]},{\"@type\":\"WebSite\",\"@id\":\"https:\/\/homeinterijeri.hr\/#website\",\"url\":\"https:\/\/homeinterijeri.hr\/\",\"name\":\"Home Interijeri\",\"description\":\"Izrada namje\u0161taja po mjeri\",\"publisher\":{\"@id\":\"https:\/\/homeinterijeri.hr\/#organization\"},\"alternateName\":\"Interijeri Home\",\"potentialAction\":[{\"@type\":\"SearchAction\",\"target\":{\"@type\":\"EntryPoint\",\"urlTemplate\":\"https:\/\/homeinterijeri.hr\/?s={search_term_string}\"},\"query-input\":{\"@type\":\"PropertyValueSpecification\",\"valueRequired\":true,\"valueName\":\"search_term_string\"}}],\"inLanguage\":\"de\"},{\"@type\":\"Organization\",\"@id\":\"https:\/\/homeinterijeri.hr\/#organization\",\"name\":\"Home Interijeri | Izrada Namje\u0161taja Po Mjeri\",\"alternateName\":\"Home Interijeri | Izrada Namje\u0161taja Po Mjeri\",\"url\":\"https:\/\/homeinterijeri.hr\/\",\"logo\":{\"@type\":\"ImageObject\",\"inLanguage\":\"de\",\"@id\":\"https:\/\/homeinterijeri.hr\/#\/schema\/logo\/image\/\",\"url\":\"https:\/\/homeinterijeri.hr\/wp-content\/uploads\/2022\/12\/Bijeli-Logo.png\",\"contentUrl\":\"https:\/\/homeinterijeri.hr\/wp-content\/uploads\/2022\/12\/Bijeli-Logo.png\",\"width\":1000,\"height\":1000,\"caption\":\"Home Interijeri | Izrada Namje\u0161taja Po Mjeri\"},\"image\":{\"@id\":\"https:\/\/homeinterijeri.hr\/#\/schema\/logo\/image\/\"},\"sameAs\":[\"https:\/\/www.facebook.com\/homeinterijerisibenik\",\"https:\/\/instagram.com\/home_interijeri\"]},{\"@type\":\"Person\",\"@id\":\"https:\/\/homeinterijeri.hr\/#\/schema\/person\/6b3172695525e4aba6c2a21e22b1d62d\",\"name\":\"Marko\",\"image\":{\"@type\":\"ImageObject\",\"inLanguage\":\"de\",\"@id\":\"https:\/\/homeinterijeri.hr\/#\/schema\/person\/image\/\",\"url\":\"https:\/\/homeinterijeri.hr\/wp-content\/litespeed\/avatar\/457ef991755a569b925ba3b0fe014b8c.jpg?ver=1777569664\",\"contentUrl\":\"https:\/\/homeinterijeri.hr\/wp-content\/litespeed\/avatar\/457ef991755a569b925ba3b0fe014b8c.jpg?ver=1777569664\",\"caption\":\"Marko\"},\"sameAs\":[\"https:\/\/version2.hr\"],\"url\":\"https:\/\/homeinterijeri.hr\/de\/author\/version2\/\"}]}<\/script>\n<!-- \/ Yoast SEO plugin. -->","yoast_head_json":{"title":"Ormar u mat bijeloj boji | Home Interijeri","robots":{"index":"index","follow":"follow","max-snippet":"max-snippet:-1","max-image-preview":"max-image-preview:large","max-video-preview":"max-video-preview:-1"},"canonical":"https:\/\/homeinterijeri.hr\/de\/kleiderschrank-in-mattweiser-farbe\/","og_locale":"de_DE","og_type":"article","og_title":"Ormar u mat bijeloj boji | Home Interijeri","og_description":"HOME INTERIJERI PROJEKT matte white Minimalizam i jednostavnost \ud83d\udc4c Upoznajte na\u0161u najnoviju kreaciju &#8211; ormar u mat bijeloj soft touch povr\u0161ini s nje\u017enim dodirima hrasta. Ova kombinacija donosi minimalisti\u010dku eleganciju u va\u0161 prostor. Visina 3303 mm. Pogledajte na\u0161u objavu na dru\u0161tvenim mre\u017eama: Instagram &#8211; Facebook\u00a0\u00a0 Za vi\u0161e informacija nas kontaktiraje! Kontaktirajte Nas Facebook-square Instagram","og_url":"https:\/\/homeinterijeri.hr\/de\/kleiderschrank-in-mattweiser-farbe\/","og_site_name":"Home Interijeri","article_publisher":"https:\/\/www.facebook.com\/homeinterijerisibenik","article_published_time":"2023-12-12T10:19:41+00:00","article_modified_time":"2024-02-24T10:09:20+00:00","og_image":[{"width":1080,"height":1350,"url":"http:\/\/homeinterijeri.hr\/wp-content\/uploads\/2023\/12\/69.jpg","type":"image\/jpeg"}],"author":"Marko","twitter_card":"summary_large_image","twitter_misc":{"Verfasst von":"Marko","Gesch\u00e4tzte Lesezeit":"1\u00a0Minute"},"schema":{"@context":"https:\/\/schema.org","@graph":[{"@type":["Article","BlogPosting"],"@id":"https:\/\/homeinterijeri.hr\/ormar-u-mat-bijeloj-boji\/#article","isPartOf":{"@id":"https:\/\/homeinterijeri.hr\/ormar-u-mat-bijeloj-boji\/"},"author":{"name":"Marko","@id":"https:\/\/homeinterijeri.hr\/#\/schema\/person\/6b3172695525e4aba6c2a21e22b1d62d"},"headline":"Ormar u mat bijeloj boji","datePublished":"2023-12-12T10:19:41+00:00","dateModified":"2024-02-24T10:09:20+00:00","mainEntityOfPage":{"@id":"https:\/\/homeinterijeri.hr\/ormar-u-mat-bijeloj-boji\/"},"wordCount":65,"publisher":{"@id":"https:\/\/homeinterijeri.hr\/#organization"},"image":{"@id":"https:\/\/homeinterijeri.hr\/ormar-u-mat-bijeloj-boji\/#primaryimage"},"thumbnailUrl":"https:\/\/homeinterijeri.hr\/wp-content\/uploads\/2023\/12\/69.jpg","keywords":["Po Mjeri"],"articleSection":["Interijer"],"inLanguage":"de"},{"@type":["WebPage","ItemPage"],"@id":"https:\/\/homeinterijeri.hr\/ormar-u-mat-bijeloj-boji\/","url":"https:\/\/homeinterijeri.hr\/ormar-u-mat-bijeloj-boji\/","name":"Ormar u mat bijeloj boji | Home Interijeri","isPartOf":{"@id":"https:\/\/homeinterijeri.hr\/#website"},"primaryImageOfPage":{"@id":"https:\/\/homeinterijeri.hr\/ormar-u-mat-bijeloj-boji\/#primaryimage"},"image":{"@id":"https:\/\/homeinterijeri.hr\/ormar-u-mat-bijeloj-boji\/#primaryimage"},"thumbnailUrl":"https:\/\/homeinterijeri.hr\/wp-content\/uploads\/2023\/12\/69.jpg","datePublished":"2023-12-12T10:19:41+00:00","dateModified":"2024-02-24T10:09:20+00:00","breadcrumb":{"@id":"https:\/\/homeinterijeri.hr\/ormar-u-mat-bijeloj-boji\/#breadcrumb"},"inLanguage":"de","potentialAction":[{"@type":"ReadAction","target":["https:\/\/homeinterijeri.hr\/ormar-u-mat-bijeloj-boji\/"]}]},{"@type":"ImageObject","inLanguage":"de","@id":"https:\/\/homeinterijeri.hr\/ormar-u-mat-bijeloj-boji\/#primaryimage","url":"https:\/\/homeinterijeri.hr\/wp-content\/uploads\/2023\/12\/69.jpg","contentUrl":"https:\/\/homeinterijeri.hr\/wp-content\/uploads\/2023\/12\/69.jpg","width":1080,"height":1350},{"@type":"BreadcrumbList","@id":"https:\/\/homeinterijeri.hr\/ormar-u-mat-bijeloj-boji\/#breadcrumb","itemListElement":[{"@type":"ListItem","position":1,"name":"Po\u010detna stranica","item":"https:\/\/homeinterijeri.hr\/"},{"@type":"ListItem","position":2,"name":"Ormar u mat bijeloj boji"}]},{"@type":"WebSite","@id":"https:\/\/homeinterijeri.hr\/#website","url":"https:\/\/homeinterijeri.hr\/","name":"Home Interijeri","description":"Izrada namje\u0161taja po mjeri","publisher":{"@id":"https:\/\/homeinterijeri.hr\/#organization"},"alternateName":"Interijeri Home","potentialAction":[{"@type":"SearchAction","target":{"@type":"EntryPoint","urlTemplate":"https:\/\/homeinterijeri.hr\/?s={search_term_string}"},"query-input":{"@type":"PropertyValueSpecification","valueRequired":true,"valueName":"search_term_string"}}],"inLanguage":"de"},{"@type":"Organization","@id":"https:\/\/homeinterijeri.hr\/#organization","name":"Home Interijeri | Izrada Namje\u0161taja Po Mjeri","alternateName":"Home Interijeri | Izrada Namje\u0161taja Po Mjeri","url":"https:\/\/homeinterijeri.hr\/","logo":{"@type":"ImageObject","inLanguage":"de","@id":"https:\/\/homeinterijeri.hr\/#\/schema\/logo\/image\/","url":"https:\/\/homeinterijeri.hr\/wp-content\/uploads\/2022\/12\/Bijeli-Logo.png","contentUrl":"https:\/\/homeinterijeri.hr\/wp-content\/uploads\/2022\/12\/Bijeli-Logo.png","width":1000,"height":1000,"caption":"Home Interijeri | Izrada Namje\u0161taja Po Mjeri"},"image":{"@id":"https:\/\/homeinterijeri.hr\/#\/schema\/logo\/image\/"},"sameAs":["https:\/\/www.facebook.com\/homeinterijerisibenik","https:\/\/instagram.com\/home_interijeri"]},{"@type":"Person","@id":"https:\/\/homeinterijeri.hr\/#\/schema\/person\/6b3172695525e4aba6c2a21e22b1d62d","name":"Marko","image":{"@type":"ImageObject","inLanguage":"de","@id":"https:\/\/homeinterijeri.hr\/#\/schema\/person\/image\/","url":"https:\/\/homeinterijeri.hr\/wp-content\/litespeed\/avatar\/457ef991755a569b925ba3b0fe014b8c.jpg?ver=1777569664","contentUrl":"https:\/\/homeinterijeri.hr\/wp-content\/litespeed\/avatar\/457ef991755a569b925ba3b0fe014b8c.jpg?ver=1777569664","caption":"Marko"},"sameAs":["https:\/\/version2.hr"],"url":"https:\/\/homeinterijeri.hr\/de\/author\/version2\/"}]}},"_links":{"self":[{"href":"https:\/\/homeinterijeri.hr\/de\/wp-json\/wp\/v2\/posts\/14335","targetHints":{"allow":["GET"]}}],"collection":[{"href":"https:\/\/homeinterijeri.hr\/de\/wp-json\/wp\/v2\/posts"}],"about":[{"href":"https:\/\/homeinterijeri.hr\/de\/wp-json\/wp\/v2\/types\/post"}],"author":[{"embeddable":true,"href":"https:\/\/homeinterijeri.hr\/de\/wp-json\/wp\/v2\/users\/2"}],"replies":[{"embeddable":true,"href":"https:\/\/homeinterijeri.hr\/de\/wp-json\/wp\/v2\/comments?post=14335"}],"version-history":[{"count":8,"href":"https:\/\/homeinterijeri.hr\/de\/wp-json\/wp\/v2\/posts\/14335\/revisions"}],"predecessor-version":[{"id":14347,"href":"https:\/\/homeinterijeri.hr\/de\/wp-json\/wp\/v2\/posts\/14335\/revisions\/14347"}],"wp:featuredmedia":[{"embeddable":true,"href":"https:\/\/homeinterijeri.hr\/de\/wp-json\/wp\/v2\/media\/14340"}],"wp:attachment":[{"href":"https:\/\/homeinterijeri.hr\/de\/wp-json\/wp\/v2\/media?parent=14335"}],"wp:term":[{"taxonomy":"category","embeddable":true,"href":"https:\/\/homeinterijeri.hr\/de\/wp-json\/wp\/v2\/categories?post=14335"},{"taxonomy":"post_tag","embeddable":true,"href":"https:\/\/homeinterijeri.hr\/de\/wp-json\/wp\/v2\/tags?post=14335"}],"curies":[{"name":"wp","href":"https:\/\/api.w.org\/{rel}","templated":true}]}}